{"id":1688,"date":"2022-11-24T20:38:25","date_gmt":"2022-11-24T20:38:25","guid":{"rendered":"https:\/\/atv-alemannia-leipzig.net\/?p=1688"},"modified":"2022-11-25T10:49:39","modified_gmt":"2022-11-25T10:49:39","slug":"atb-bericht-der-atv-alemannia-leipzig-sose21","status":"publish","type":"post","link":"https:\/\/atv-alemannia-leipzig.net\/?p=1688","title":{"rendered":"ATB Bericht der ATV Alemannia Leipzig SoSe 21"},"content":{"rendered":"\n<p>Liebe Bundesgeschwister,<\/p>\n\n\n\n<p>das nunmehr dritte Coronasemester ist nun auch in Leipzig beendet. Dank des Impffortschrittes und dem Abklingen der Infektionszahlen konnten wir Ende April unter Einhaltung der Hygieneregeln unsere erste Kneipe in den Mai feiern, welche sehr gut angenommen wurde. Dieser Veranstaltung folgte weiterhin eine sch\u00f6ne Stadtrallye mit unseren Hausbewohnern und wir lernten die Messestadt noch einmal etwas anders kennen. Jedoch hat sich unser Fuxmajor Bubbles (im kommenden Semester unser Senior) noch einiges mehr an Veranstaltungen \u00fcberlegt und dank Ihr durften wir mehrere sch\u00f6ne, wenn auch meist virtuelle, Veranstaltungen erleben. Ein weiterer H\u00f6hepunkt war au\u00dferdem das Feiern unserer 2. Wiedergr\u00fcndungskneipe im Juni inklusive eines sch\u00f6nen Sommerfestes mit unseren AD\/AH im neu begr\u00fcnten Garten. An diesem Wochenende hatten wir weiterhin die Ehre, dass unser erster Fux den Burscheneid geschworen hat und somit zum Bursch wurde. Nochmals herzlichen Gl\u00fcckwunsch!<\/p>\n\n\n\n<p>Im Folgenden m\u00f6chte ich euch unseren Vorstand f\u00fcr das Wintersemester 2021\/22 vorstellen:<\/p>\n\n\n\n<p>X Annabelle K\u00f6hler v. Bubbles<\/p>\n\n\n\n<p>XX Julia Beyer v. Alice<\/p>\n\n\n\n<p>XXX Sabine Vater v. Evyda<\/p>\n\n\n\n<p>FM Anastasia Weist v. Ruby<\/p>\n\n\n\n<p>KW Sabine Vater v. Evyda<\/p>\n\n\n\n<p>Da unsere Mitgliederliste immer noch unter \u201eklein, aber fein\u201c verbucht werden kann, w\u00fcrden wir uns sehr \u00fcber eventuelle Aktivmeldungen freuen!<\/p>\n\n\n\n<p>Mit schwarz-gr\u00fcn-wei\u00dfen Gr\u00fc\u00dfen,<\/p>\n\n\n\n<p>Sabine Vater v. Evyda<\/p>\n","protected":false},"excerpt":{"rendered":"<p>Liebe Bundesgeschwister, das nunmehr dritte Coronasemester ist nun auch in Leipzig beendet. Dank des Impffortschrittes und dem Abklingen der Infektionszahlen konnten wir Ende April unter Einhaltung der Hygieneregeln unsere erste &#8230;<\/p>\n","protected":false},"author":9,"featured_media":1643,"comment_status":"closed","ping_status":"closed","sticky":false,"template":"","format":"standard","meta":[],"categories":[27],"tags":[],"_links":{"self":[{"href":"https:\/\/atv-alemannia-leipzig.net\/index.php?rest_route=\/wp\/v2\/posts\/1688"}],"collection":[{"href":"https:\/\/atv-alemannia-leipzig.net\/index.php?rest_route=\/wp\/v2\/posts"}],"about":[{"href":"https:\/\/atv-alemannia-leipzig.net\/index.php?rest_route=\/wp\/v2\/types\/post"}],"author":[{"embeddable":true,"href":"https:\/\/atv-alemannia-leipzig.net\/index.php?rest_route=\/wp\/v2\/users\/9"}],"replies":[{"embeddable":true,"href":"https:\/\/atv-alemannia-leipzig.net\/index.php?rest_route=%2Fwp%2Fv2%2Fcomments&post=1688"}],"version-history":[{"count":2,"href":"https:\/\/atv-alemannia-leipzig.net\/index.php?rest_route=\/wp\/v2\/posts\/1688\/revisions"}],"predecessor-version":[{"id":1694,"href":"https:\/\/atv-alemannia-leipzig.net\/index.php?rest_route=\/wp\/v2\/posts\/1688\/revisions\/1694"}],"wp:featuredmedia":[{"embeddable":true,"href":"https:\/\/atv-alemannia-leipzig.net\/index.php?rest_route=\/wp\/v2\/media\/1643"}],"wp:attachment":[{"href":"https:\/\/atv-alemannia-leipzig.net\/index.php?rest_route=%2Fwp%2Fv2%2Fmedia&parent=1688"}],"wp:term":[{"taxonomy":"category","embeddable":true,"href":"https:\/\/atv-alemannia-leipzig.net\/index.php?rest_route=%2Fwp%2Fv2%2Fcategories&post=1688"},{"taxonomy":"post_tag","embeddable":true,"href":"https:\/\/atv-alemannia-leipzig.net\/index.php?rest_route=%2Fwp%2Fv2%2Ftags&post=1688"}],"curies":[{"name":"wp","href":"https:\/\/api.w.org\/{rel}","templated":true}]}}